{"id":21077,"date":"2022-01-12T09:19:08","date_gmt":"2022-01-12T08:19:08","guid":{"rendered":"https:\/\/www.esi.it\/?p=21077"},"modified":"2025-01-16T11:46:02","modified_gmt":"2025-01-16T10:46:02","slug":"biocollagenix-crema-antieta","status":"publish","type":"post","link":"https:\/\/www.esi.it\/it\/biocollagenix-crema-antieta\/","title":{"rendered":"Biocollagenix crema antiet\u00e0"},"content":{"rendered":"<p><strong>Biocollagenix crema antiet\u00e0<\/strong> \u00e8 un trattamento ad azione riempitiva formulato per contrastare i segni dell&#8217;invecchiamento cutaneo migliorando compattezza ed elasticit\u00e0, grazie al mix di componenti naturali:<br \/>\n\u2022 il <em>Collagene Marino e<\/em> l\u2019<em>Acido Ialuronico<\/em> limitano l\u2019evaporazione dell\u2019acqua, aiutando a preservare la luminosit\u00e0 della pelle e contribuendo a idratare in profondit\u00e0, con un effetto filler naturale;<br \/>\n\u2022 l\u2019A<em>rginina<\/em> tonifica e favorisce la ricostruzione cellulare;<br \/>\n\u2022 il <em>Burro di Karit\u00e8<\/em> assicura comfort e setosit\u00e0;<br \/>\n\u2022 la<em> Vitamina C<\/em>, insieme all\u2019Onochiolo e al Magnololo, estratti dalla corteccia della magnolia, possiede propriet\u00e0 antiossidanti;<br \/>\n\u2022 la <em>Rosa di Damasco<\/em> rigenera e lenisce.<br \/>\n<strong> Biocollagenix crema antiet\u00e0 <\/strong>ha una texture sensoriale a rapido assorbimento.<\/p>\n","protected":false},"excerpt":{"rendered":"<p>Biocollagenix crema antiet\u00e0 \u00e8 un trattamento ad azione riempitiva formulato per contrastare [&hellip;]<\/p>\n","protected":false},"author":7,"featured_media":21081,"comment_status":"open","ping_status":"open","sticky":false,"template":"","format":"standard","meta":[],"categories":[],"tags":[],"acf":[],"yoast_head":"<!-- This site is optimized with the Yoast SEO plugin v21.1 - https:\/\/yoast.com\/wordpress\/plugins\/seo\/ -->\n<title>Biocollagenix crema antiet\u00e0 - ESI srl<\/title>\n<meta name=\"description\" content=\"Biocollagenix crema antiet\u00e0: un trattamento per contrastare i segni dell&#039;invecchiamento cutaneo ideale per una pelle pi\u00f9 giovane e luminosa.\" \/>\n<meta name=\"robots\" content=\"index, follow, max-snippet:-1, max-image-preview:large, max-video-preview:-1\" \/>\n<link rel=\"canonical\" href=\"https:\/\/www.esi.it\/it\/biocollagenix-crema-antieta\/\" \/>\n<meta property=\"og:locale\" content=\"it_IT\" \/>\n<meta property=\"og:type\" content=\"article\" \/>\n<meta property=\"og:title\" content=\"Biocollagenix crema antiet\u00e0 - ESI srl\" \/>\n<meta property=\"og:description\" content=\"Biocollagenix crema antiet\u00e0: un trattamento per contrastare i segni dell&#039;invecchiamento cutaneo ideale per una pelle pi\u00f9 giovane e luminosa.\" \/>\n<meta property=\"og:url\" content=\"https:\/\/www.esi.it\/it\/biocollagenix-crema-antieta\/\" \/>\n<meta property=\"og:site_name\" content=\"ESI srl\" \/>\n<meta property=\"article:publisher\" content=\"https:\/\/www.facebook.com\/esi.italia\" \/>\n<meta property=\"article:published_time\" content=\"2022-01-12T08:19:08+00:00\" \/>\n<meta property=\"article:modified_time\" content=\"2025-01-16T10:46:02+00:00\" \/>\n<meta property=\"og:image\" content=\"https:\/\/www.esi.it\/wp-content\/uploads\/2022\/01\/Biocollagenix-crema-antieta.jpg\" \/>\n\t<meta property=\"og:image:width\" content=\"1000\" \/>\n\t<meta property=\"og:image:height\" content=\"1000\" \/>\n\t<meta property=\"og:image:type\" content=\"image\/jpeg\" \/>\n<meta name=\"author\" content=\"Michela Zunino\" \/>\n<meta name=\"twitter:label1\" content=\"Scritto da\" \/>\n\t<meta name=\"twitter:data1\" content=\"Michela Zunino\" \/>\n\t<meta name=\"twitter:label2\" content=\"Tempo di lettura stimato\" \/>\n\t<meta name=\"twitter:data2\" content=\"1 minuto\" \/>\n<script type=\"application\/ld+json\" class=\"yoast-schema-graph\">{\"@context\":\"https:\/\/schema.org\",\"@graph\":[{\"@type\":\"Article\",\"@id\":\"https:\/\/www.esi.it\/it\/biocollagenix-crema-antieta\/#article\",\"isPartOf\":{\"@id\":\"https:\/\/www.esi.it\/it\/biocollagenix-crema-antieta\/\"},\"author\":{\"name\":\"Michela Zunino\",\"@id\":\"https:\/\/www.esi.it\/it\/#\/schema\/person\/d8536cdfa3db73ece507a1b349f83152\"},\"headline\":\"Biocollagenix crema antiet\u00e0\",\"datePublished\":\"2022-01-12T08:19:08+00:00\",\"dateModified\":\"2025-01-16T10:46:02+00:00\",\"mainEntityOfPage\":{\"@id\":\"https:\/\/www.esi.it\/it\/biocollagenix-crema-antieta\/\"},\"wordCount\":108,\"commentCount\":0,\"publisher\":{\"@id\":\"https:\/\/www.esi.it\/it\/#organization\"},\"inLanguage\":\"it-IT\",\"potentialAction\":[{\"@type\":\"CommentAction\",\"name\":\"Comment\",\"target\":[\"https:\/\/www.esi.it\/it\/biocollagenix-crema-antieta\/#respond\"]}]},{\"@type\":\"WebPage\",\"@id\":\"https:\/\/www.esi.it\/it\/biocollagenix-crema-antieta\/\",\"url\":\"https:\/\/www.esi.it\/it\/biocollagenix-crema-antieta\/\",\"name\":\"Biocollagenix crema antiet\u00e0 - ESI srl\",\"isPartOf\":{\"@id\":\"https:\/\/www.esi.it\/it\/#website\"},\"datePublished\":\"2022-01-12T08:19:08+00:00\",\"dateModified\":\"2025-01-16T10:46:02+00:00\",\"description\":\"Biocollagenix crema antiet\u00e0: un trattamento per contrastare i segni dell'invecchiamento cutaneo ideale per una pelle pi\u00f9 giovane e luminosa.\",\"inLanguage\":\"it-IT\",\"potentialAction\":[{\"@type\":\"ReadAction\",\"target\":[\"https:\/\/www.esi.it\/it\/biocollagenix-crema-antieta\/\"]}]},{\"@type\":\"WebSite\",\"@id\":\"https:\/\/www.esi.it\/it\/#website\",\"url\":\"https:\/\/www.esi.it\/it\/\",\"name\":\"ESI srl\",\"description\":\"Prodotti fitoterapici, dietetici ed integratori alimentari\",\"publisher\":{\"@id\":\"https:\/\/www.esi.it\/it\/#organization\"},\"potentialAction\":[{\"@type\":\"SearchAction\",\"target\":{\"@type\":\"EntryPoint\",\"urlTemplate\":\"https:\/\/www.esi.it\/it\/?s={search_term_string}\"},\"query-input\":\"required name=search_term_string\"}],\"inLanguage\":\"it-IT\"},{\"@type\":\"Organization\",\"@id\":\"https:\/\/www.esi.it\/it\/#organization\",\"name\":\"ESI Srl\",\"alternateName\":\"ESI\",\"url\":\"https:\/\/www.esi.it\/it\/\",\"logo\":{\"@type\":\"ImageObject\",\"inLanguage\":\"it-IT\",\"@id\":\"https:\/\/www.esi.it\/it\/#\/schema\/logo\/image\/\",\"url\":\"https:\/\/www.esi.it\/wp-content\/uploads\/2025\/05\/esi-logo.jpg\",\"contentUrl\":\"https:\/\/www.esi.it\/wp-content\/uploads\/2025\/05\/esi-logo.jpg\",\"width\":300,\"height\":300,\"caption\":\"ESI Srl\"},\"image\":{\"@id\":\"https:\/\/www.esi.it\/it\/#\/schema\/logo\/image\/\"},\"sameAs\":[\"https:\/\/www.facebook.com\/esi.italia\",\"http:\/\/www.instagram.com\/esi.italia\",\"https:\/\/www.youtube.com\/user\/ESIBenessereNaturale\"]},{\"@type\":\"Person\",\"@id\":\"https:\/\/www.esi.it\/it\/#\/schema\/person\/d8536cdfa3db73ece507a1b349f83152\",\"name\":\"Michela Zunino\",\"image\":{\"@type\":\"ImageObject\",\"inLanguage\":\"it-IT\",\"@id\":\"https:\/\/www.esi.it\/it\/#\/schema\/person\/image\/\",\"url\":\"https:\/\/secure.gravatar.com\/avatar\/03d6266a9a7a6b47fcc966be7695fc70?s=96&d=mm&r=g\",\"contentUrl\":\"https:\/\/secure.gravatar.com\/avatar\/03d6266a9a7a6b47fcc966be7695fc70?s=96&d=mm&r=g\",\"caption\":\"Michela Zunino\"},\"url\":\"https:\/\/www.esi.it\/it\/esperti\/mzunino\/\"}]}<\/script>\n<!-- \/ Yoast SEO plugin. -->","yoast_head_json":{"title":"Biocollagenix crema antiet\u00e0 - ESI srl","description":"Biocollagenix crema antiet\u00e0: un trattamento per contrastare i segni dell'invecchiamento cutaneo ideale per una pelle pi\u00f9 giovane e luminosa.","robots":{"index":"index","follow":"follow","max-snippet":"max-snippet:-1","max-image-preview":"max-image-preview:large","max-video-preview":"max-video-preview:-1"},"canonical":"https:\/\/www.esi.it\/it\/biocollagenix-crema-antieta\/","og_locale":"it_IT","og_type":"article","og_title":"Biocollagenix crema antiet\u00e0 - ESI srl","og_description":"Biocollagenix crema antiet\u00e0: un trattamento per contrastare i segni dell'invecchiamento cutaneo ideale per una pelle pi\u00f9 giovane e luminosa.","og_url":"https:\/\/www.esi.it\/it\/biocollagenix-crema-antieta\/","og_site_name":"ESI srl","article_publisher":"https:\/\/www.facebook.com\/esi.italia","article_published_time":"2022-01-12T08:19:08+00:00","article_modified_time":"2025-01-16T10:46:02+00:00","og_image":[{"width":1000,"height":1000,"url":"https:\/\/www.esi.it\/wp-content\/uploads\/2022\/01\/Biocollagenix-crema-antieta.jpg","type":"image\/jpeg"}],"author":"Michela Zunino","twitter_misc":{"Scritto da":"Michela Zunino","Tempo di lettura stimato":"1 minuto"},"schema":{"@context":"https:\/\/schema.org","@graph":[{"@type":"Article","@id":"https:\/\/www.esi.it\/it\/biocollagenix-crema-antieta\/#article","isPartOf":{"@id":"https:\/\/www.esi.it\/it\/biocollagenix-crema-antieta\/"},"author":{"name":"Michela Zunino","@id":"https:\/\/www.esi.it\/it\/#\/schema\/person\/d8536cdfa3db73ece507a1b349f83152"},"headline":"Biocollagenix crema antiet\u00e0","datePublished":"2022-01-12T08:19:08+00:00","dateModified":"2025-01-16T10:46:02+00:00","mainEntityOfPage":{"@id":"https:\/\/www.esi.it\/it\/biocollagenix-crema-antieta\/"},"wordCount":108,"commentCount":0,"publisher":{"@id":"https:\/\/www.esi.it\/it\/#organization"},"inLanguage":"it-IT","potentialAction":[{"@type":"CommentAction","name":"Comment","target":["https:\/\/www.esi.it\/it\/biocollagenix-crema-antieta\/#respond"]}]},{"@type":"WebPage","@id":"https:\/\/www.esi.it\/it\/biocollagenix-crema-antieta\/","url":"https:\/\/www.esi.it\/it\/biocollagenix-crema-antieta\/","name":"Biocollagenix crema antiet\u00e0 - ESI srl","isPartOf":{"@id":"https:\/\/www.esi.it\/it\/#website"},"datePublished":"2022-01-12T08:19:08+00:00","dateModified":"2025-01-16T10:46:02+00:00","description":"Biocollagenix crema antiet\u00e0: un trattamento per contrastare i segni dell'invecchiamento cutaneo ideale per una pelle pi\u00f9 giovane e luminosa.","inLanguage":"it-IT","potentialAction":[{"@type":"ReadAction","target":["https:\/\/www.esi.it\/it\/biocollagenix-crema-antieta\/"]}]},{"@type":"WebSite","@id":"https:\/\/www.esi.it\/it\/#website","url":"https:\/\/www.esi.it\/it\/","name":"ESI srl","description":"Prodotti fitoterapici, dietetici ed integratori alimentari","publisher":{"@id":"https:\/\/www.esi.it\/it\/#organization"},"potentialAction":[{"@type":"SearchAction","target":{"@type":"EntryPoint","urlTemplate":"https:\/\/www.esi.it\/it\/?s={search_term_string}"},"query-input":"required name=search_term_string"}],"inLanguage":"it-IT"},{"@type":"Organization","@id":"https:\/\/www.esi.it\/it\/#organization","name":"ESI Srl","alternateName":"ESI","url":"https:\/\/www.esi.it\/it\/","logo":{"@type":"ImageObject","inLanguage":"it-IT","@id":"https:\/\/www.esi.it\/it\/#\/schema\/logo\/image\/","url":"https:\/\/www.esi.it\/wp-content\/uploads\/2025\/05\/esi-logo.jpg","contentUrl":"https:\/\/www.esi.it\/wp-content\/uploads\/2025\/05\/esi-logo.jpg","width":300,"height":300,"caption":"ESI Srl"},"image":{"@id":"https:\/\/www.esi.it\/it\/#\/schema\/logo\/image\/"},"sameAs":["https:\/\/www.facebook.com\/esi.italia","http:\/\/www.instagram.com\/esi.italia","https:\/\/www.youtube.com\/user\/ESIBenessereNaturale"]},{"@type":"Person","@id":"https:\/\/www.esi.it\/it\/#\/schema\/person\/d8536cdfa3db73ece507a1b349f83152","name":"Michela Zunino","image":{"@type":"ImageObject","inLanguage":"it-IT","@id":"https:\/\/www.esi.it\/it\/#\/schema\/person\/image\/","url":"https:\/\/secure.gravatar.com\/avatar\/03d6266a9a7a6b47fcc966be7695fc70?s=96&d=mm&r=g","contentUrl":"https:\/\/secure.gravatar.com\/avatar\/03d6266a9a7a6b47fcc966be7695fc70?s=96&d=mm&r=g","caption":"Michela Zunino"},"url":"https:\/\/www.esi.it\/it\/esperti\/mzunino\/"}]}},"publishpress_future_action":{"enabled":false,"date":"2026-05-07 09:39:22","action":"draft","terms":[],"taxonomy":"linea"},"_links":{"self":[{"href":"https:\/\/www.esi.it\/it\/wp-json\/wp\/v2\/posts\/21077"}],"collection":[{"href":"https:\/\/www.esi.it\/it\/wp-json\/wp\/v2\/posts"}],"about":[{"href":"https:\/\/www.esi.it\/it\/wp-json\/wp\/v2\/types\/post"}],"author":[{"embeddable":true,"href":"https:\/\/www.esi.it\/it\/wp-json\/wp\/v2\/users\/7"}],"replies":[{"embeddable":true,"href":"https:\/\/www.esi.it\/it\/wp-json\/wp\/v2\/comments?post=21077"}],"version-history":[{"count":0,"href":"https:\/\/www.esi.it\/it\/wp-json\/wp\/v2\/posts\/21077\/revisions"}],"wp:featuredmedia":[{"embeddable":true,"href":"https:\/\/www.esi.it\/it\/wp-json\/wp\/v2\/media\/21081"}],"wp:attachment":[{"href":"https:\/\/www.esi.it\/it\/wp-json\/wp\/v2\/media?parent=21077"}],"wp:term":[{"taxonomy":"category","embeddable":true,"href":"https:\/\/www.esi.it\/it\/wp-json\/wp\/v2\/categories?post=21077"},{"taxonomy":"post_tag","embeddable":true,"href":"https:\/\/www.esi.it\/it\/wp-json\/wp\/v2\/tags?post=21077"}],"curies":[{"name":"wp","href":"https:\/\/api.w.org\/{rel}","templated":true}]}}