{"id":1566,"date":"2015-07-22T15:23:59","date_gmt":"2015-07-22T15:23:59","guid":{"rendered":"https:\/\/www.esi.it\/it\/?p=1566"},"modified":"2025-09-10T16:18:59","modified_gmt":"2025-09-10T14:18:59","slug":"integratore-con-propoli-azione-balsamica-ed-emolliente","status":"publish","type":"post","link":"https:\/\/www.esi.it\/it\/integratore-con-propoli-azione-balsamica-ed-emolliente\/","title":{"rendered":"Propolaid Flu"},"content":{"rendered":"<p>Propolaid Flu \u00e8 l\u2019integratore alimentare a base di N-Acetilcisteina, estratti secchi di Propolis, Grindelia, Drosera con Miele ed oli essenziali di Menta ed Eucalipto in grado di stimolare l\u2019eliminazione del muco in eccesso grazie all\u2019effetto espettorante. Propolaid Flu aiuta a decongestionare le prime vie respiratorie.<\/p>\n<h2>I rimedi naturali contro muco e raffreddore<\/h2>\n<p>Grindelia ed Eucalipto hanno effetto balsamico ed azione emolliente e lenitiva sulla mucosa orofaringea. La Drosera favorisce la fluidit\u00e0 delle secrezioni bronchiali. La Menta \u00e8 utile per la funzionalit\u00e0 delle prime vie respiratorie. In pratiche bustine, subito solubile in acqua calda e fredda, gradevolmente aromatizzato alla menta.<\/p>\n","protected":false},"excerpt":{"rendered":"<p>Propolaid Flu \u00e8 l\u2019integratore alimentare a base di N-Acetilcisteina, estratti secchi di [&hellip;]<\/p>\n","protected":false},"author":7,"featured_media":33216,"comment_status":"open","ping_status":"closed","sticky":false,"template":"","format":"standard","meta":[],"categories":[],"tags":[],"acf":[],"yoast_head":"<!-- This site is optimized with the Yoast SEO plugin v21.1 - https:\/\/yoast.com\/wordpress\/plugins\/seo\/ -->\n<title>Integratore con Propoli: azione balsamica ed emolliente<\/title>\n<meta name=\"description\" content=\"Integratore con Propoli, Miele ed Eucalipto per il benessere delle vie respiratorie. Effetto balsamico. In pratiche bustine al gusto Menta.\" \/>\n<meta name=\"robots\" content=\"index, follow, max-snippet:-1, max-image-preview:large, max-video-preview:-1\" \/>\n<link rel=\"canonical\" href=\"https:\/\/www.esi.it\/it\/integratore-con-propoli-azione-balsamica-ed-emolliente\/\" \/>\n<meta property=\"og:locale\" content=\"it_IT\" \/>\n<meta property=\"og:type\" content=\"article\" \/>\n<meta property=\"og:title\" content=\"Integratore con Propoli: azione balsamica ed emolliente\" \/>\n<meta property=\"og:description\" content=\"Integratore con Propoli, Miele ed Eucalipto per il benessere delle vie respiratorie. Effetto balsamico. In pratiche bustine al gusto Menta.\" \/>\n<meta property=\"og:url\" content=\"https:\/\/www.esi.it\/it\/integratore-con-propoli-azione-balsamica-ed-emolliente\/\" \/>\n<meta property=\"og:site_name\" content=\"ESI srl\" \/>\n<meta property=\"article:publisher\" content=\"https:\/\/www.facebook.com\/esi.italia\" \/>\n<meta property=\"article:published_time\" content=\"2015-07-22T15:23:59+00:00\" \/>\n<meta property=\"article:modified_time\" content=\"2025-09-10T14:18:59+00:00\" \/>\n<meta property=\"og:image\" content=\"https:\/\/www.esi.it\/wp-content\/uploads\/2015\/07\/AS1063-PROP-FLU-rit.jpg\" \/>\n\t<meta property=\"og:image:width\" content=\"1181\" \/>\n\t<meta property=\"og:image:height\" content=\"826\" \/>\n\t<meta property=\"og:image:type\" content=\"image\/jpeg\" \/>\n<meta name=\"author\" content=\"Michela Zunino\" \/>\n<meta name=\"twitter:label1\" content=\"Scritto da\" \/>\n\t<meta name=\"twitter:data1\" content=\"Michela Zunino\" \/>\n\t<meta name=\"twitter:label2\" content=\"Tempo di lettura stimato\" \/>\n\t<meta name=\"twitter:data2\" content=\"1 minuto\" \/>\n<script type=\"application\/ld+json\" class=\"yoast-schema-graph\">{\"@context\":\"https:\/\/schema.org\",\"@graph\":[{\"@type\":\"Article\",\"@id\":\"https:\/\/www.esi.it\/it\/integratore-con-propoli-azione-balsamica-ed-emolliente\/#article\",\"isPartOf\":{\"@id\":\"https:\/\/www.esi.it\/it\/integratore-con-propoli-azione-balsamica-ed-emolliente\/\"},\"author\":{\"name\":\"Michela Zunino\",\"@id\":\"https:\/\/www.esi.it\/it\/#\/schema\/person\/d8536cdfa3db73ece507a1b349f83152\"},\"headline\":\"Propolaid Flu\",\"datePublished\":\"2015-07-22T15:23:59+00:00\",\"dateModified\":\"2025-09-10T14:18:59+00:00\",\"mainEntityOfPage\":{\"@id\":\"https:\/\/www.esi.it\/it\/integratore-con-propoli-azione-balsamica-ed-emolliente\/\"},\"wordCount\":102,\"commentCount\":0,\"publisher\":{\"@id\":\"https:\/\/www.esi.it\/it\/#organization\"},\"inLanguage\":\"it-IT\",\"potentialAction\":[{\"@type\":\"CommentAction\",\"name\":\"Comment\",\"target\":[\"https:\/\/www.esi.it\/it\/integratore-con-propoli-azione-balsamica-ed-emolliente\/#respond\"]}]},{\"@type\":\"WebPage\",\"@id\":\"https:\/\/www.esi.it\/it\/integratore-con-propoli-azione-balsamica-ed-emolliente\/\",\"url\":\"https:\/\/www.esi.it\/it\/integratore-con-propoli-azione-balsamica-ed-emolliente\/\",\"name\":\"Integratore con Propoli: azione balsamica ed emolliente\",\"isPartOf\":{\"@id\":\"https:\/\/www.esi.it\/it\/#website\"},\"datePublished\":\"2015-07-22T15:23:59+00:00\",\"dateModified\":\"2025-09-10T14:18:59+00:00\",\"description\":\"Integratore con Propoli, Miele ed Eucalipto per il benessere delle vie respiratorie. Effetto balsamico. In pratiche bustine al gusto Menta.\",\"inLanguage\":\"it-IT\",\"potentialAction\":[{\"@type\":\"ReadAction\",\"target\":[\"https:\/\/www.esi.it\/it\/integratore-con-propoli-azione-balsamica-ed-emolliente\/\"]}]},{\"@type\":\"WebSite\",\"@id\":\"https:\/\/www.esi.it\/it\/#website\",\"url\":\"https:\/\/www.esi.it\/it\/\",\"name\":\"ESI srl\",\"description\":\"Prodotti fitoterapici, dietetici ed integratori alimentari\",\"publisher\":{\"@id\":\"https:\/\/www.esi.it\/it\/#organization\"},\"potentialAction\":[{\"@type\":\"SearchAction\",\"target\":{\"@type\":\"EntryPoint\",\"urlTemplate\":\"https:\/\/www.esi.it\/it\/?s={search_term_string}\"},\"query-input\":\"required name=search_term_string\"}],\"inLanguage\":\"it-IT\"},{\"@type\":\"Organization\",\"@id\":\"https:\/\/www.esi.it\/it\/#organization\",\"name\":\"ESI Srl\",\"alternateName\":\"ESI\",\"url\":\"https:\/\/www.esi.it\/it\/\",\"logo\":{\"@type\":\"ImageObject\",\"inLanguage\":\"it-IT\",\"@id\":\"https:\/\/www.esi.it\/it\/#\/schema\/logo\/image\/\",\"url\":\"https:\/\/www.esi.it\/wp-content\/uploads\/2025\/05\/esi-logo.jpg\",\"contentUrl\":\"https:\/\/www.esi.it\/wp-content\/uploads\/2025\/05\/esi-logo.jpg\",\"width\":300,\"height\":300,\"caption\":\"ESI Srl\"},\"image\":{\"@id\":\"https:\/\/www.esi.it\/it\/#\/schema\/logo\/image\/\"},\"sameAs\":[\"https:\/\/www.facebook.com\/esi.italia\",\"http:\/\/www.instagram.com\/esi.italia\",\"https:\/\/www.youtube.com\/user\/ESIBenessereNaturale\"]},{\"@type\":\"Person\",\"@id\":\"https:\/\/www.esi.it\/it\/#\/schema\/person\/d8536cdfa3db73ece507a1b349f83152\",\"name\":\"Michela Zunino\",\"image\":{\"@type\":\"ImageObject\",\"inLanguage\":\"it-IT\",\"@id\":\"https:\/\/www.esi.it\/it\/#\/schema\/person\/image\/\",\"url\":\"https:\/\/secure.gravatar.com\/avatar\/03d6266a9a7a6b47fcc966be7695fc70?s=96&d=mm&r=g\",\"contentUrl\":\"https:\/\/secure.gravatar.com\/avatar\/03d6266a9a7a6b47fcc966be7695fc70?s=96&d=mm&r=g\",\"caption\":\"Michela Zunino\"},\"url\":\"https:\/\/www.esi.it\/it\/esperti\/mzunino\/\"}]}<\/script>\n<!-- \/ Yoast SEO plugin. -->","yoast_head_json":{"title":"Integratore con Propoli: azione balsamica ed emolliente","description":"Integratore con Propoli, Miele ed Eucalipto per il benessere delle vie respiratorie. Effetto balsamico. In pratiche bustine al gusto Menta.","robots":{"index":"index","follow":"follow","max-snippet":"max-snippet:-1","max-image-preview":"max-image-preview:large","max-video-preview":"max-video-preview:-1"},"canonical":"https:\/\/www.esi.it\/it\/integratore-con-propoli-azione-balsamica-ed-emolliente\/","og_locale":"it_IT","og_type":"article","og_title":"Integratore con Propoli: azione balsamica ed emolliente","og_description":"Integratore con Propoli, Miele ed Eucalipto per il benessere delle vie respiratorie. Effetto balsamico. In pratiche bustine al gusto Menta.","og_url":"https:\/\/www.esi.it\/it\/integratore-con-propoli-azione-balsamica-ed-emolliente\/","og_site_name":"ESI srl","article_publisher":"https:\/\/www.facebook.com\/esi.italia","article_published_time":"2015-07-22T15:23:59+00:00","article_modified_time":"2025-09-10T14:18:59+00:00","og_image":[{"width":1181,"height":826,"url":"https:\/\/www.esi.it\/wp-content\/uploads\/2015\/07\/AS1063-PROP-FLU-rit.jpg","type":"image\/jpeg"}],"author":"Michela Zunino","twitter_misc":{"Scritto da":"Michela Zunino","Tempo di lettura stimato":"1 minuto"},"schema":{"@context":"https:\/\/schema.org","@graph":[{"@type":"Article","@id":"https:\/\/www.esi.it\/it\/integratore-con-propoli-azione-balsamica-ed-emolliente\/#article","isPartOf":{"@id":"https:\/\/www.esi.it\/it\/integratore-con-propoli-azione-balsamica-ed-emolliente\/"},"author":{"name":"Michela Zunino","@id":"https:\/\/www.esi.it\/it\/#\/schema\/person\/d8536cdfa3db73ece507a1b349f83152"},"headline":"Propolaid Flu","datePublished":"2015-07-22T15:23:59+00:00","dateModified":"2025-09-10T14:18:59+00:00","mainEntityOfPage":{"@id":"https:\/\/www.esi.it\/it\/integratore-con-propoli-azione-balsamica-ed-emolliente\/"},"wordCount":102,"commentCount":0,"publisher":{"@id":"https:\/\/www.esi.it\/it\/#organization"},"inLanguage":"it-IT","potentialAction":[{"@type":"CommentAction","name":"Comment","target":["https:\/\/www.esi.it\/it\/integratore-con-propoli-azione-balsamica-ed-emolliente\/#respond"]}]},{"@type":"WebPage","@id":"https:\/\/www.esi.it\/it\/integratore-con-propoli-azione-balsamica-ed-emolliente\/","url":"https:\/\/www.esi.it\/it\/integratore-con-propoli-azione-balsamica-ed-emolliente\/","name":"Integratore con Propoli: azione balsamica ed emolliente","isPartOf":{"@id":"https:\/\/www.esi.it\/it\/#website"},"datePublished":"2015-07-22T15:23:59+00:00","dateModified":"2025-09-10T14:18:59+00:00","description":"Integratore con Propoli, Miele ed Eucalipto per il benessere delle vie respiratorie. Effetto balsamico. In pratiche bustine al gusto Menta.","inLanguage":"it-IT","potentialAction":[{"@type":"ReadAction","target":["https:\/\/www.esi.it\/it\/integratore-con-propoli-azione-balsamica-ed-emolliente\/"]}]},{"@type":"WebSite","@id":"https:\/\/www.esi.it\/it\/#website","url":"https:\/\/www.esi.it\/it\/","name":"ESI srl","description":"Prodotti fitoterapici, dietetici ed integratori alimentari","publisher":{"@id":"https:\/\/www.esi.it\/it\/#organization"},"potentialAction":[{"@type":"SearchAction","target":{"@type":"EntryPoint","urlTemplate":"https:\/\/www.esi.it\/it\/?s={search_term_string}"},"query-input":"required name=search_term_string"}],"inLanguage":"it-IT"},{"@type":"Organization","@id":"https:\/\/www.esi.it\/it\/#organization","name":"ESI Srl","alternateName":"ESI","url":"https:\/\/www.esi.it\/it\/","logo":{"@type":"ImageObject","inLanguage":"it-IT","@id":"https:\/\/www.esi.it\/it\/#\/schema\/logo\/image\/","url":"https:\/\/www.esi.it\/wp-content\/uploads\/2025\/05\/esi-logo.jpg","contentUrl":"https:\/\/www.esi.it\/wp-content\/uploads\/2025\/05\/esi-logo.jpg","width":300,"height":300,"caption":"ESI Srl"},"image":{"@id":"https:\/\/www.esi.it\/it\/#\/schema\/logo\/image\/"},"sameAs":["https:\/\/www.facebook.com\/esi.italia","http:\/\/www.instagram.com\/esi.italia","https:\/\/www.youtube.com\/user\/ESIBenessereNaturale"]},{"@type":"Person","@id":"https:\/\/www.esi.it\/it\/#\/schema\/person\/d8536cdfa3db73ece507a1b349f83152","name":"Michela Zunino","image":{"@type":"ImageObject","inLanguage":"it-IT","@id":"https:\/\/www.esi.it\/it\/#\/schema\/person\/image\/","url":"https:\/\/secure.gravatar.com\/avatar\/03d6266a9a7a6b47fcc966be7695fc70?s=96&d=mm&r=g","contentUrl":"https:\/\/secure.gravatar.com\/avatar\/03d6266a9a7a6b47fcc966be7695fc70?s=96&d=mm&r=g","caption":"Michela Zunino"},"url":"https:\/\/www.esi.it\/it\/esperti\/mzunino\/"}]}},"publishpress_future_action":{"enabled":false,"date":"2026-05-07 09:48:50","action":"draft","terms":[],"taxonomy":"linea"},"_links":{"self":[{"href":"https:\/\/www.esi.it\/it\/wp-json\/wp\/v2\/posts\/1566"}],"collection":[{"href":"https:\/\/www.esi.it\/it\/wp-json\/wp\/v2\/posts"}],"about":[{"href":"https:\/\/www.esi.it\/it\/wp-json\/wp\/v2\/types\/post"}],"author":[{"embeddable":true,"href":"https:\/\/www.esi.it\/it\/wp-json\/wp\/v2\/users\/7"}],"replies":[{"embeddable":true,"href":"https:\/\/www.esi.it\/it\/wp-json\/wp\/v2\/comments?post=1566"}],"version-history":[{"count":0,"href":"https:\/\/www.esi.it\/it\/wp-json\/wp\/v2\/posts\/1566\/revisions"}],"wp:featuredmedia":[{"embeddable":true,"href":"https:\/\/www.esi.it\/it\/wp-json\/wp\/v2\/media\/33216"}],"wp:attachment":[{"href":"https:\/\/www.esi.it\/it\/wp-json\/wp\/v2\/media?parent=1566"}],"wp:term":[{"taxonomy":"category","embeddable":true,"href":"https:\/\/www.esi.it\/it\/wp-json\/wp\/v2\/categories?post=1566"},{"taxonomy":"post_tag","embeddable":true,"href":"https:\/\/www.esi.it\/it\/wp-json\/wp\/v2\/tags?post=1566"}],"curies":[{"name":"wp","href":"https:\/\/api.w.org\/{rel}","templated":true}]}}