{"id":8966,"date":"2017-08-29T08:56:09","date_gmt":"2017-08-29T06:56:09","guid":{"rendered":"https:\/\/www.esi.it\/es\/?p=8966"},"modified":"2023-07-10T10:36:07","modified_gmt":"2023-07-10T08:36:07","slug":"biocollagenix","status":"publish","type":"post","link":"https:\/\/www.esi.it\/es\/biocollagenix\/","title":{"rendered":"Biocollagenix complemento anti-edad para beber"},"content":{"rendered":"<p>Biocollagenix es un complemento alimenticio anti-edad a base de col\u00e1geno marino que reintegra el col\u00e1geno de la piel, haci\u00e9ndola m\u00e1s compacta, luminosa y resistente a la aparici\u00f3n de imperfecciones como arrugas, grietas y p\u00e9rdida de color. Un remedio anti-edad que promueve la regeneraci\u00f3n celular de la piel de la cara y previene las irritaciones, manteniendo el tono correcto de la piel y reduciendo su envejecimiento. Biocollagenix es una excelente soluci\u00f3n contra las arrugas, para mantener la correcta hidrataci\u00f3n de la dermis, regenerar el tejido conectivo y promover el mantenimiento de una tez saludable y la plasticidad correcta de los tejidos.<\/p>\n<h2>Los ingredientes para una piel radiante y fuerte<\/h2>\n<p>Col\u00e1geno marino hidrolizado de tipo I, altamente purificado y con una alta concentraci\u00f3n (5.000 mg por ampolla),\u00a0 \u00c1cido Hialur\u00f3nico, Resveratrol, zumo concentrado de Mirtilo, con Vitamina C, Cobre y Zinc. En pr\u00e1cticas ampollas, con aroma natural, sabor a guayaba (fruto originario de centro Am\u00e9rica). La Vitamina C contribuye a\u00a0 la formaci\u00f3n normal del Col\u00e1geno para el funcionamiento normal de la piel. Los frutos de Mirtilo tienen una acci\u00f3n antioxidante. El Cobre contribuye\u00a0 al mantenimiento del tejido conectivo en condiciones normales. La Vitamina C, el Cobre y el Zinc contribuyen a la protecci\u00f3n de las c\u00e9lulas frente al da\u00f1o oxidativo. Adem\u00e1s, el Zinc contribuye al mantenimiento de la piel en condiciones normales. Como edulcorante ha sido utilizado el extracto de las hojas de stevia.<\/p>\n","protected":false},"excerpt":{"rendered":"<p>Biocollagenix es un complemento alimenticio anti-edad a base de col\u00e1geno marino que [&hellip;]<\/p>\n","protected":false},"author":7,"featured_media":25871,"comment_status":"open","ping_status":"closed","sticky":false,"template":"","format":"standard","meta":[],"categories":[],"tags":[],"acf":[],"yoast_head":"<!-- This site is optimized with the Yoast SEO plugin v21.1 - https:\/\/yoast.com\/wordpress\/plugins\/seo\/ -->\n<title>Biocollagenix complemento anti-edad para beber - ESI srl<\/title>\n<meta name=\"robots\" content=\"index, follow, max-snippet:-1, max-image-preview:large, max-video-preview:-1\" \/>\n<link rel=\"canonical\" href=\"https:\/\/www.esi.it\/es\/biocollagenix\/\" \/>\n<meta property=\"og:locale\" content=\"es_ES\" \/>\n<meta property=\"og:type\" content=\"article\" \/>\n<meta property=\"og:title\" content=\"Biocollagenix complemento anti-edad para beber - ESI srl\" \/>\n<meta property=\"og:description\" content=\"Biocollagenix es un complemento alimenticio anti-edad a base de col\u00e1geno marino que [&hellip;]\" \/>\n<meta property=\"og:url\" content=\"https:\/\/www.esi.it\/es\/biocollagenix\/\" \/>\n<meta property=\"og:site_name\" content=\"ESI srl\" \/>\n<meta property=\"article:publisher\" content=\"https:\/\/www.facebook.com\/esi.italia\" \/>\n<meta property=\"article:published_time\" content=\"2017-08-29T06:56:09+00:00\" \/>\n<meta property=\"article:modified_time\" content=\"2023-07-10T08:36:07+00:00\" \/>\n<meta property=\"og:image\" content=\"https:\/\/www.esi.it\/wp-content\/uploads\/2016\/09\/Biocollagenix-drink-1.jpg\" \/>\n\t<meta property=\"og:image:width\" content=\"1000\" \/>\n\t<meta property=\"og:image:height\" content=\"1000\" \/>\n\t<meta property=\"og:image:type\" content=\"image\/jpeg\" \/>\n<meta name=\"author\" content=\"Michela Zunino\" \/>\n<meta name=\"twitter:label1\" content=\"Escrito por\" \/>\n\t<meta name=\"twitter:data1\" content=\"Michela Zunino\" \/>\n\t<meta name=\"twitter:label2\" content=\"Tiempo de lectura\" \/>\n\t<meta name=\"twitter:data2\" content=\"2 minutos\" \/>\n<script type=\"application\/ld+json\" class=\"yoast-schema-graph\">{\"@context\":\"https:\/\/schema.org\",\"@graph\":[{\"@type\":\"Article\",\"@id\":\"https:\/\/www.esi.it\/es\/biocollagenix\/#article\",\"isPartOf\":{\"@id\":\"https:\/\/www.esi.it\/es\/biocollagenix\/\"},\"author\":{\"name\":\"Michela Zunino\",\"@id\":\"https:\/\/www.esi.it\/it\/#\/schema\/person\/d8536cdfa3db73ece507a1b349f83152\"},\"headline\":\"Biocollagenix complemento anti-edad para beber\",\"datePublished\":\"2017-08-29T06:56:09+00:00\",\"dateModified\":\"2023-07-10T08:36:07+00:00\",\"mainEntityOfPage\":{\"@id\":\"https:\/\/www.esi.it\/es\/biocollagenix\/\"},\"wordCount\":256,\"commentCount\":0,\"publisher\":{\"@id\":\"https:\/\/www.esi.it\/it\/#organization\"},\"inLanguage\":\"es\",\"potentialAction\":[{\"@type\":\"CommentAction\",\"name\":\"Comment\",\"target\":[\"https:\/\/www.esi.it\/es\/biocollagenix\/#respond\"]}]},{\"@type\":\"WebPage\",\"@id\":\"https:\/\/www.esi.it\/es\/biocollagenix\/\",\"url\":\"https:\/\/www.esi.it\/es\/biocollagenix\/\",\"name\":\"Biocollagenix complemento anti-edad para beber - ESI srl\",\"isPartOf\":{\"@id\":\"https:\/\/www.esi.it\/it\/#website\"},\"datePublished\":\"2017-08-29T06:56:09+00:00\",\"dateModified\":\"2023-07-10T08:36:07+00:00\",\"inLanguage\":\"es\",\"potentialAction\":[{\"@type\":\"ReadAction\",\"target\":[\"https:\/\/www.esi.it\/es\/biocollagenix\/\"]}]},{\"@type\":\"WebSite\",\"@id\":\"https:\/\/www.esi.it\/it\/#website\",\"url\":\"https:\/\/www.esi.it\/it\/\",\"name\":\"ESI srl\",\"description\":\"ESI dal 1975 leader in Italia e nel Mondo nel settore del benessere naturale\",\"publisher\":{\"@id\":\"https:\/\/www.esi.it\/it\/#organization\"},\"potentialAction\":[{\"@type\":\"SearchAction\",\"target\":{\"@type\":\"EntryPoint\",\"urlTemplate\":\"https:\/\/www.esi.it\/it\/?s={search_term_string}\"},\"query-input\":\"required name=search_term_string\"}],\"inLanguage\":\"es\"},{\"@type\":\"Organization\",\"@id\":\"https:\/\/www.esi.it\/it\/#organization\",\"name\":\"ESI Srl\",\"alternateName\":\"ESI\",\"url\":\"https:\/\/www.esi.it\/it\/\",\"logo\":{\"@type\":\"ImageObject\",\"inLanguage\":\"es\",\"@id\":\"https:\/\/www.esi.it\/it\/#\/schema\/logo\/image\/\",\"url\":\"https:\/\/www.esi.it\/wp-content\/uploads\/2025\/05\/esi-logo.jpg\",\"contentUrl\":\"https:\/\/www.esi.it\/wp-content\/uploads\/2025\/05\/esi-logo.jpg\",\"width\":300,\"height\":300,\"caption\":\"ESI Srl\"},\"image\":{\"@id\":\"https:\/\/www.esi.it\/it\/#\/schema\/logo\/image\/\"},\"sameAs\":[\"https:\/\/www.facebook.com\/esi.italia\",\"http:\/\/www.instagram.com\/esi.italia\",\"https:\/\/www.youtube.com\/user\/ESIBenessereNaturale\"]},{\"@type\":\"Person\",\"@id\":\"https:\/\/www.esi.it\/it\/#\/schema\/person\/d8536cdfa3db73ece507a1b349f83152\",\"name\":\"Michela Zunino\",\"image\":{\"@type\":\"ImageObject\",\"inLanguage\":\"es\",\"@id\":\"https:\/\/www.esi.it\/it\/#\/schema\/person\/image\/\",\"url\":\"https:\/\/secure.gravatar.com\/avatar\/03d6266a9a7a6b47fcc966be7695fc70?s=96&d=mm&r=g\",\"contentUrl\":\"https:\/\/secure.gravatar.com\/avatar\/03d6266a9a7a6b47fcc966be7695fc70?s=96&d=mm&r=g\",\"caption\":\"Michela Zunino\"},\"url\":\"https:\/\/www.esi.it\/es\/esperti\/mzunino\/\"}]}<\/script>\n<!-- \/ Yoast SEO plugin. -->","yoast_head_json":{"title":"Biocollagenix complemento anti-edad para beber - ESI srl","robots":{"index":"index","follow":"follow","max-snippet":"max-snippet:-1","max-image-preview":"max-image-preview:large","max-video-preview":"max-video-preview:-1"},"canonical":"https:\/\/www.esi.it\/es\/biocollagenix\/","og_locale":"es_ES","og_type":"article","og_title":"Biocollagenix complemento anti-edad para beber - ESI srl","og_description":"Biocollagenix es un complemento alimenticio anti-edad a base de col\u00e1geno marino que [&hellip;]","og_url":"https:\/\/www.esi.it\/es\/biocollagenix\/","og_site_name":"ESI srl","article_publisher":"https:\/\/www.facebook.com\/esi.italia","article_published_time":"2017-08-29T06:56:09+00:00","article_modified_time":"2023-07-10T08:36:07+00:00","og_image":[{"width":1000,"height":1000,"url":"https:\/\/www.esi.it\/wp-content\/uploads\/2016\/09\/Biocollagenix-drink-1.jpg","type":"image\/jpeg"}],"author":"Michela Zunino","twitter_misc":{"Escrito por":"Michela Zunino","Tiempo de lectura":"2 minutos"},"schema":{"@context":"https:\/\/schema.org","@graph":[{"@type":"Article","@id":"https:\/\/www.esi.it\/es\/biocollagenix\/#article","isPartOf":{"@id":"https:\/\/www.esi.it\/es\/biocollagenix\/"},"author":{"name":"Michela Zunino","@id":"https:\/\/www.esi.it\/it\/#\/schema\/person\/d8536cdfa3db73ece507a1b349f83152"},"headline":"Biocollagenix complemento anti-edad para beber","datePublished":"2017-08-29T06:56:09+00:00","dateModified":"2023-07-10T08:36:07+00:00","mainEntityOfPage":{"@id":"https:\/\/www.esi.it\/es\/biocollagenix\/"},"wordCount":256,"commentCount":0,"publisher":{"@id":"https:\/\/www.esi.it\/it\/#organization"},"inLanguage":"es","potentialAction":[{"@type":"CommentAction","name":"Comment","target":["https:\/\/www.esi.it\/es\/biocollagenix\/#respond"]}]},{"@type":"WebPage","@id":"https:\/\/www.esi.it\/es\/biocollagenix\/","url":"https:\/\/www.esi.it\/es\/biocollagenix\/","name":"Biocollagenix complemento anti-edad para beber - ESI srl","isPartOf":{"@id":"https:\/\/www.esi.it\/it\/#website"},"datePublished":"2017-08-29T06:56:09+00:00","dateModified":"2023-07-10T08:36:07+00:00","inLanguage":"es","potentialAction":[{"@type":"ReadAction","target":["https:\/\/www.esi.it\/es\/biocollagenix\/"]}]},{"@type":"WebSite","@id":"https:\/\/www.esi.it\/it\/#website","url":"https:\/\/www.esi.it\/it\/","name":"ESI srl","description":"ESI dal 1975 leader in Italia e nel Mondo nel settore del benessere naturale","publisher":{"@id":"https:\/\/www.esi.it\/it\/#organization"},"potentialAction":[{"@type":"SearchAction","target":{"@type":"EntryPoint","urlTemplate":"https:\/\/www.esi.it\/it\/?s={search_term_string}"},"query-input":"required name=search_term_string"}],"inLanguage":"es"},{"@type":"Organization","@id":"https:\/\/www.esi.it\/it\/#organization","name":"ESI Srl","alternateName":"ESI","url":"https:\/\/www.esi.it\/it\/","logo":{"@type":"ImageObject","inLanguage":"es","@id":"https:\/\/www.esi.it\/it\/#\/schema\/logo\/image\/","url":"https:\/\/www.esi.it\/wp-content\/uploads\/2025\/05\/esi-logo.jpg","contentUrl":"https:\/\/www.esi.it\/wp-content\/uploads\/2025\/05\/esi-logo.jpg","width":300,"height":300,"caption":"ESI Srl"},"image":{"@id":"https:\/\/www.esi.it\/it\/#\/schema\/logo\/image\/"},"sameAs":["https:\/\/www.facebook.com\/esi.italia","http:\/\/www.instagram.com\/esi.italia","https:\/\/www.youtube.com\/user\/ESIBenessereNaturale"]},{"@type":"Person","@id":"https:\/\/www.esi.it\/it\/#\/schema\/person\/d8536cdfa3db73ece507a1b349f83152","name":"Michela Zunino","image":{"@type":"ImageObject","inLanguage":"es","@id":"https:\/\/www.esi.it\/it\/#\/schema\/person\/image\/","url":"https:\/\/secure.gravatar.com\/avatar\/03d6266a9a7a6b47fcc966be7695fc70?s=96&d=mm&r=g","contentUrl":"https:\/\/secure.gravatar.com\/avatar\/03d6266a9a7a6b47fcc966be7695fc70?s=96&d=mm&r=g","caption":"Michela Zunino"},"url":"https:\/\/www.esi.it\/es\/esperti\/mzunino\/"}]}},"publishpress_future_action":{"enabled":false,"date":"2026-05-08 19:11:46","action":"draft","terms":[],"taxonomy":"linea"},"_links":{"self":[{"href":"https:\/\/www.esi.it\/es\/wp-json\/wp\/v2\/posts\/8966"}],"collection":[{"href":"https:\/\/www.esi.it\/es\/wp-json\/wp\/v2\/posts"}],"about":[{"href":"https:\/\/www.esi.it\/es\/wp-json\/wp\/v2\/types\/post"}],"author":[{"embeddable":true,"href":"https:\/\/www.esi.it\/es\/wp-json\/wp\/v2\/users\/7"}],"replies":[{"embeddable":true,"href":"https:\/\/www.esi.it\/es\/wp-json\/wp\/v2\/comments?post=8966"}],"version-history":[{"count":0,"href":"https:\/\/www.esi.it\/es\/wp-json\/wp\/v2\/posts\/8966\/revisions"}],"wp:featuredmedia":[{"embeddable":true,"href":"https:\/\/www.esi.it\/es\/wp-json\/wp\/v2\/media\/25871"}],"wp:attachment":[{"href":"https:\/\/www.esi.it\/es\/wp-json\/wp\/v2\/media?parent=8966"}],"wp:term":[{"taxonomy":"category","embeddable":true,"href":"https:\/\/www.esi.it\/es\/wp-json\/wp\/v2\/categories?post=8966"},{"taxonomy":"post_tag","embeddable":true,"href":"https:\/\/www.esi.it\/es\/wp-json\/wp\/v2\/tags?post=8966"}],"curies":[{"name":"wp","href":"https:\/\/api.w.org\/{rel}","templated":true}]}}