{"id":6160,"date":"2016-10-14T12:07:00","date_gmt":"2016-10-14T10:07:00","guid":{"rendered":"https:\/\/www.esi.it\/es\/?p=6160"},"modified":"2022-10-04T12:46:22","modified_gmt":"2022-10-04T10:46:22","slug":"rigenforte-acondicionador-vigorizante","status":"publish","type":"post","link":"https:\/\/www.esi.it\/es\/rigenforte-acondicionador-vigorizante\/","title":{"rendered":"Rigenforte Acondicionador Vigorizante"},"content":{"rendered":"<p>Acondicionador de acci\u00f3n reforzante y nutritiva, indicado para cabellos fr\u00e1giles y d\u00e9biles.<\/p>\n<p>Con la innovadora Tecnolog\u00eda Biotinax desarrollada por ESI, que explota la acci\u00f3n de 3 principios funcionales: Biotina, Metionina y Cistina.<\/p>\n<p>La acci\u00f3n acondicionadora y emoliente del acondicionador no solo hace que el cabello sea f\u00e1cil de peinar y suave, sino que tambi\u00e9n le da un efecto de luz particular y un tacto extremadamente sedoso.<\/p>\n<h2><span style=\"font-size: 18pt;\">Cabello m\u00e1s fuerte, brillante y resistente<\/span><\/h2>\n<p>El Acondicionador Rigenforte desenreda r\u00e1pidamente el cabello, facilita el peinado, aligera y evita la formaci\u00f3n de cargas electrost\u00e1ticas en su superficie. Revitaliza todo el tallo del cabello, de la ra\u00edz al \u00e1pice. Ligero y delicado, se distribuye f\u00e1cilmente sobre el cabello.<\/p>\n<p>&nbsp;<\/p>\n","protected":false},"excerpt":{"rendered":"<p>Acondicionador de acci\u00f3n reforzante y nutritiva, indicado para cabellos fr\u00e1giles y d\u00e9biles. [&hellip;]<\/p>\n","protected":false},"author":7,"featured_media":16749,"comment_status":"closed","ping_status":"closed","sticky":false,"template":"","format":"standard","meta":[],"categories":[],"tags":[],"acf":[],"yoast_head":"<!-- This site is optimized with the Yoast SEO plugin v21.1 - https:\/\/yoast.com\/wordpress\/plugins\/seo\/ -->\n<title>Rigenforte Acondicionador Vigorizante - ESI srl<\/title>\n<meta name=\"robots\" content=\"index, follow, max-snippet:-1, max-image-preview:large, max-video-preview:-1\" \/>\n<link rel=\"canonical\" href=\"https:\/\/www.esi.it\/es\/rigenforte-acondicionador-vigorizante\/\" \/>\n<meta property=\"og:locale\" content=\"es_ES\" \/>\n<meta property=\"og:type\" content=\"article\" \/>\n<meta property=\"og:title\" content=\"Rigenforte Acondicionador Vigorizante - ESI srl\" \/>\n<meta property=\"og:description\" content=\"Acondicionador de acci\u00f3n reforzante y nutritiva, indicado para cabellos fr\u00e1giles y d\u00e9biles. [&hellip;]\" \/>\n<meta property=\"og:url\" content=\"https:\/\/www.esi.it\/es\/rigenforte-acondicionador-vigorizante\/\" \/>\n<meta property=\"og:site_name\" content=\"ESI srl\" \/>\n<meta property=\"article:publisher\" content=\"https:\/\/www.facebook.com\/esi.italia\" \/>\n<meta property=\"article:published_time\" content=\"2016-10-14T10:07:00+00:00\" \/>\n<meta property=\"article:modified_time\" content=\"2022-10-04T10:46:22+00:00\" \/>\n<meta property=\"og:image\" content=\"https:\/\/www.esi.it\/wp-content\/uploads\/2015\/07\/RIGENFORTE-balsamo.jpg\" \/>\n\t<meta property=\"og:image:width\" content=\"1000\" \/>\n\t<meta property=\"og:image:height\" content=\"1000\" \/>\n\t<meta property=\"og:image:type\" content=\"image\/jpeg\" \/>\n<meta name=\"author\" content=\"Michela Zunino\" \/>\n<meta name=\"twitter:label1\" content=\"Escrito por\" \/>\n\t<meta name=\"twitter:data1\" content=\"Michela Zunino\" \/>\n\t<meta name=\"twitter:label2\" content=\"Tiempo de lectura\" \/>\n\t<meta name=\"twitter:data2\" content=\"1 minuto\" \/>\n<script type=\"application\/ld+json\" class=\"yoast-schema-graph\">{\"@context\":\"https:\/\/schema.org\",\"@graph\":[{\"@type\":\"Article\",\"@id\":\"https:\/\/www.esi.it\/es\/rigenforte-acondicionador-vigorizante\/#article\",\"isPartOf\":{\"@id\":\"https:\/\/www.esi.it\/es\/rigenforte-acondicionador-vigorizante\/\"},\"author\":{\"name\":\"Michela Zunino\",\"@id\":\"https:\/\/www.esi.it\/it\/#\/schema\/person\/d8536cdfa3db73ece507a1b349f83152\"},\"headline\":\"Rigenforte Acondicionador Vigorizante\",\"datePublished\":\"2016-10-14T10:07:00+00:00\",\"dateModified\":\"2022-10-04T10:46:22+00:00\",\"mainEntityOfPage\":{\"@id\":\"https:\/\/www.esi.it\/es\/rigenforte-acondicionador-vigorizante\/\"},\"wordCount\":130,\"publisher\":{\"@id\":\"https:\/\/www.esi.it\/it\/#organization\"},\"inLanguage\":\"es\"},{\"@type\":\"WebPage\",\"@id\":\"https:\/\/www.esi.it\/es\/rigenforte-acondicionador-vigorizante\/\",\"url\":\"https:\/\/www.esi.it\/es\/rigenforte-acondicionador-vigorizante\/\",\"name\":\"Rigenforte Acondicionador Vigorizante - ESI srl\",\"isPartOf\":{\"@id\":\"https:\/\/www.esi.it\/it\/#website\"},\"datePublished\":\"2016-10-14T10:07:00+00:00\",\"dateModified\":\"2022-10-04T10:46:22+00:00\",\"inLanguage\":\"es\",\"potentialAction\":[{\"@type\":\"ReadAction\",\"target\":[\"https:\/\/www.esi.it\/es\/rigenforte-acondicionador-vigorizante\/\"]}]},{\"@type\":\"WebSite\",\"@id\":\"https:\/\/www.esi.it\/it\/#website\",\"url\":\"https:\/\/www.esi.it\/it\/\",\"name\":\"ESI srl\",\"description\":\"ESI dal 1975 leader in Italia e nel Mondo nel settore del benessere naturale\",\"publisher\":{\"@id\":\"https:\/\/www.esi.it\/it\/#organization\"},\"potentialAction\":[{\"@type\":\"SearchAction\",\"target\":{\"@type\":\"EntryPoint\",\"urlTemplate\":\"https:\/\/www.esi.it\/it\/?s={search_term_string}\"},\"query-input\":\"required name=search_term_string\"}],\"inLanguage\":\"es\"},{\"@type\":\"Organization\",\"@id\":\"https:\/\/www.esi.it\/it\/#organization\",\"name\":\"ESI Srl\",\"alternateName\":\"ESI\",\"url\":\"https:\/\/www.esi.it\/it\/\",\"logo\":{\"@type\":\"ImageObject\",\"inLanguage\":\"es\",\"@id\":\"https:\/\/www.esi.it\/it\/#\/schema\/logo\/image\/\",\"url\":\"https:\/\/www.esi.it\/wp-content\/uploads\/2025\/05\/esi-logo.jpg\",\"contentUrl\":\"https:\/\/www.esi.it\/wp-content\/uploads\/2025\/05\/esi-logo.jpg\",\"width\":300,\"height\":300,\"caption\":\"ESI Srl\"},\"image\":{\"@id\":\"https:\/\/www.esi.it\/it\/#\/schema\/logo\/image\/\"},\"sameAs\":[\"https:\/\/www.facebook.com\/esi.italia\",\"http:\/\/www.instagram.com\/esi.italia\",\"https:\/\/www.youtube.com\/user\/ESIBenessereNaturale\"]},{\"@type\":\"Person\",\"@id\":\"https:\/\/www.esi.it\/it\/#\/schema\/person\/d8536cdfa3db73ece507a1b349f83152\",\"name\":\"Michela Zunino\",\"image\":{\"@type\":\"ImageObject\",\"inLanguage\":\"es\",\"@id\":\"https:\/\/www.esi.it\/it\/#\/schema\/person\/image\/\",\"url\":\"https:\/\/secure.gravatar.com\/avatar\/03d6266a9a7a6b47fcc966be7695fc70?s=96&d=mm&r=g\",\"contentUrl\":\"https:\/\/secure.gravatar.com\/avatar\/03d6266a9a7a6b47fcc966be7695fc70?s=96&d=mm&r=g\",\"caption\":\"Michela Zunino\"},\"url\":\"https:\/\/www.esi.it\/es\/esperti\/mzunino\/\"}]}<\/script>\n<!-- \/ Yoast SEO plugin. -->","yoast_head_json":{"title":"Rigenforte Acondicionador Vigorizante - ESI srl","robots":{"index":"index","follow":"follow","max-snippet":"max-snippet:-1","max-image-preview":"max-image-preview:large","max-video-preview":"max-video-preview:-1"},"canonical":"https:\/\/www.esi.it\/es\/rigenforte-acondicionador-vigorizante\/","og_locale":"es_ES","og_type":"article","og_title":"Rigenforte Acondicionador Vigorizante - ESI srl","og_description":"Acondicionador de acci\u00f3n reforzante y nutritiva, indicado para cabellos fr\u00e1giles y d\u00e9biles. [&hellip;]","og_url":"https:\/\/www.esi.it\/es\/rigenforte-acondicionador-vigorizante\/","og_site_name":"ESI srl","article_publisher":"https:\/\/www.facebook.com\/esi.italia","article_published_time":"2016-10-14T10:07:00+00:00","article_modified_time":"2022-10-04T10:46:22+00:00","og_image":[{"width":1000,"height":1000,"url":"https:\/\/www.esi.it\/wp-content\/uploads\/2015\/07\/RIGENFORTE-balsamo.jpg","type":"image\/jpeg"}],"author":"Michela Zunino","twitter_misc":{"Escrito por":"Michela Zunino","Tiempo de lectura":"1 minuto"},"schema":{"@context":"https:\/\/schema.org","@graph":[{"@type":"Article","@id":"https:\/\/www.esi.it\/es\/rigenforte-acondicionador-vigorizante\/#article","isPartOf":{"@id":"https:\/\/www.esi.it\/es\/rigenforte-acondicionador-vigorizante\/"},"author":{"name":"Michela Zunino","@id":"https:\/\/www.esi.it\/it\/#\/schema\/person\/d8536cdfa3db73ece507a1b349f83152"},"headline":"Rigenforte Acondicionador Vigorizante","datePublished":"2016-10-14T10:07:00+00:00","dateModified":"2022-10-04T10:46:22+00:00","mainEntityOfPage":{"@id":"https:\/\/www.esi.it\/es\/rigenforte-acondicionador-vigorizante\/"},"wordCount":130,"publisher":{"@id":"https:\/\/www.esi.it\/it\/#organization"},"inLanguage":"es"},{"@type":"WebPage","@id":"https:\/\/www.esi.it\/es\/rigenforte-acondicionador-vigorizante\/","url":"https:\/\/www.esi.it\/es\/rigenforte-acondicionador-vigorizante\/","name":"Rigenforte Acondicionador Vigorizante - ESI srl","isPartOf":{"@id":"https:\/\/www.esi.it\/it\/#website"},"datePublished":"2016-10-14T10:07:00+00:00","dateModified":"2022-10-04T10:46:22+00:00","inLanguage":"es","potentialAction":[{"@type":"ReadAction","target":["https:\/\/www.esi.it\/es\/rigenforte-acondicionador-vigorizante\/"]}]},{"@type":"WebSite","@id":"https:\/\/www.esi.it\/it\/#website","url":"https:\/\/www.esi.it\/it\/","name":"ESI srl","description":"ESI dal 1975 leader in Italia e nel Mondo nel settore del benessere naturale","publisher":{"@id":"https:\/\/www.esi.it\/it\/#organization"},"potentialAction":[{"@type":"SearchAction","target":{"@type":"EntryPoint","urlTemplate":"https:\/\/www.esi.it\/it\/?s={search_term_string}"},"query-input":"required name=search_term_string"}],"inLanguage":"es"},{"@type":"Organization","@id":"https:\/\/www.esi.it\/it\/#organization","name":"ESI Srl","alternateName":"ESI","url":"https:\/\/www.esi.it\/it\/","logo":{"@type":"ImageObject","inLanguage":"es","@id":"https:\/\/www.esi.it\/it\/#\/schema\/logo\/image\/","url":"https:\/\/www.esi.it\/wp-content\/uploads\/2025\/05\/esi-logo.jpg","contentUrl":"https:\/\/www.esi.it\/wp-content\/uploads\/2025\/05\/esi-logo.jpg","width":300,"height":300,"caption":"ESI Srl"},"image":{"@id":"https:\/\/www.esi.it\/it\/#\/schema\/logo\/image\/"},"sameAs":["https:\/\/www.facebook.com\/esi.italia","http:\/\/www.instagram.com\/esi.italia","https:\/\/www.youtube.com\/user\/ESIBenessereNaturale"]},{"@type":"Person","@id":"https:\/\/www.esi.it\/it\/#\/schema\/person\/d8536cdfa3db73ece507a1b349f83152","name":"Michela Zunino","image":{"@type":"ImageObject","inLanguage":"es","@id":"https:\/\/www.esi.it\/it\/#\/schema\/person\/image\/","url":"https:\/\/secure.gravatar.com\/avatar\/03d6266a9a7a6b47fcc966be7695fc70?s=96&d=mm&r=g","contentUrl":"https:\/\/secure.gravatar.com\/avatar\/03d6266a9a7a6b47fcc966be7695fc70?s=96&d=mm&r=g","caption":"Michela Zunino"},"url":"https:\/\/www.esi.it\/es\/esperti\/mzunino\/"}]}},"publishpress_future_action":{"enabled":false,"date":"2026-05-06 21:55:08","action":"draft","terms":[],"taxonomy":"linea"},"_links":{"self":[{"href":"https:\/\/www.esi.it\/es\/wp-json\/wp\/v2\/posts\/6160"}],"collection":[{"href":"https:\/\/www.esi.it\/es\/wp-json\/wp\/v2\/posts"}],"about":[{"href":"https:\/\/www.esi.it\/es\/wp-json\/wp\/v2\/types\/post"}],"author":[{"embeddable":true,"href":"https:\/\/www.esi.it\/es\/wp-json\/wp\/v2\/users\/7"}],"replies":[{"embeddable":true,"href":"https:\/\/www.esi.it\/es\/wp-json\/wp\/v2\/comments?post=6160"}],"version-history":[{"count":0,"href":"https:\/\/www.esi.it\/es\/wp-json\/wp\/v2\/posts\/6160\/revisions"}],"wp:featuredmedia":[{"embeddable":true,"href":"https:\/\/www.esi.it\/es\/wp-json\/wp\/v2\/media\/16749"}],"wp:attachment":[{"href":"https:\/\/www.esi.it\/es\/wp-json\/wp\/v2\/media?parent=6160"}],"wp:term":[{"taxonomy":"category","embeddable":true,"href":"https:\/\/www.esi.it\/es\/wp-json\/wp\/v2\/categories?post=6160"},{"taxonomy":"post_tag","embeddable":true,"href":"https:\/\/www.esi.it\/es\/wp-json\/wp\/v2\/tags?post=6160"}],"curies":[{"name":"wp","href":"https:\/\/api.w.org\/{rel}","templated":true}]}}